{"id":1137,"date":"2017-06-14T15:21:42","date_gmt":"2017-06-14T14:21:42","guid":{"rendered":"http:\/\/grizzlysduhainaut.fr\/?p=1137"},"modified":"2017-08-14T00:17:26","modified_gmt":"2017-08-13T23:17:26","slug":"alexandre-koryciak-president-association","status":"publish","type":"post","link":"https:\/\/grizzlysduhainaut.fr\/index.php\/2017\/06\/14\/alexandre-koryciak-president-association\/","title":{"rendered":"Alexandre Koryciak reprend la pr\u00e9sidence des Grizzlys du Hainaut"},"content":{"rendered":"<p>\u00c0 la suite de l&rsquo;Assembl\u00e9e G\u00e9n\u00e9rale 2017, Geoffrey Mu\u00f1oz, fondateur du club et pr\u00e9sident, a quitt\u00e9 son poste. <a href=\"https:\/\/grizzlysduhainaut.fr\/index.php\/player\/grizzly-4\/\">Alexandre Koryciak<\/a> reprend la pr\u00e9sidence avec <a href=\"https:\/\/grizzlysduhainaut.fr\/index.php\/player\/corentin-denoyette\/\">Corentin De Noyette<\/a> en vice-pr\u00e9sident.<\/p>\n<p>Les membres du club ont d\u00e9cid\u00e9 d&rsquo;attribuer le titre de membre d&rsquo;honneur \u00e0 Geoffrey et Nicolas Mu\u00f1oz, tout deux fondateurs du club.<\/p>\n<p><a href=\"https:\/\/grizzlysduhainaut.fr\/index.php\/player\/grizzly-7\/\">Xaviera Szawroski<\/a> reste tr\u00e9sori\u00e8re et<a href=\"https:\/\/grizzlysduhainaut.fr\/index.php\/player\/aurelien-talfer\/\"> Aur\u00e9lien Talfer<\/a> reste secr\u00e9taire.<\/p>\n<div class=\"text_exposed_show\">\n<h6>Merci \u00e0 tous les membres pour leur investissement, on vous informe bient\u00f4t des futurs \u00e9v\u00e9nements !<\/h6>\n<p>Les Grizzlys seront pr\u00e9sents \u00e0 l&rsquo;AG de la f\u00e9d\u00e9ration \u00e0 Lyon et \u00e0 un tournoi amical \u00e0 Amiens ce week-end.<\/p>\n<\/div>\n","protected":false},"excerpt":{"rendered":"<p>\u00c0 la suite de l&rsquo;Assembl\u00e9e G\u00e9n\u00e9rale 2017, Geoffrey Mu\u00f1oz, fondateur du club et pr\u00e9sident, a quitt\u00e9 son poste. Alexandre Koryciak reprend la pr\u00e9sidence avec Corentin De Noyette en vice-pr\u00e9sident. Les membres du club ont d\u00e9cid\u00e9 d&rsquo;attribuer le titre de membre d&rsquo;honneur \u00e0 Geoffrey et Nicolas Mu\u00f1oz, tout deux fondateurs du club. Xaviera Szawroski reste tr\u00e9sori\u00e8re [&hellip;]<\/p>\n","protected":false},"author":3,"featured_media":1138,"comment_status":"open","ping_status":"open","sticky":false,"template":"","format":"standard","meta":{"footnotes":""},"categories":[2,5],"tags":[],"class_list":["post-1137","post","type-post","status-publish","format-standard","has-post-thumbnail","hentry","category-actualite","category-evenements"],"yoast_head":"<!-- This site is optimized with the Yoast SEO plugin v23.5 - https:\/\/yoast.com\/wordpress\/plugins\/seo\/ -->\n<title>Alexandre Koryciak devient pr\u00e9sident de l&#039;association Grizzlys du Hainaut<\/title>\n<meta name=\"description\" content=\"Alexandre Koryciak devient pr\u00e9sident de l&#039;association de floorball des Grizzlys du Hainaut et remplace Geoffrey Munoz, fondateur.\" \/>\n<meta name=\"robots\" content=\"index, follow, max-snippet:-1, max-image-preview:large, max-video-preview:-1\" \/>\n<link rel=\"canonical\" href=\"https:\/\/grizzlysduhainaut.fr\/index.php\/2017\/06\/14\/alexandre-koryciak-president-association\/\" \/>\n<meta property=\"og:locale\" content=\"fr_FR\" \/>\n<meta property=\"og:type\" content=\"article\" \/>\n<meta property=\"og:title\" content=\"Alexandre Koryciak devient pr\u00e9sident de l&#039;association Grizzlys du Hainaut\" \/>\n<meta property=\"og:description\" content=\"Alexandre Koryciak devient pr\u00e9sident de l&#039;association de floorball des Grizzlys du Hainaut et remplace Geoffrey Munoz, fondateur.\" \/>\n<meta property=\"og:url\" content=\"https:\/\/grizzlysduhainaut.fr\/index.php\/2017\/06\/14\/alexandre-koryciak-president-association\/\" \/>\n<meta property=\"og:site_name\" content=\"Grizzlys du Hainaut\" \/>\n<meta property=\"article:publisher\" content=\"https:\/\/www.facebook.com\/Grizzlys.du.hainaut\/\" \/>\n<meta property=\"article:published_time\" content=\"2017-06-14T14:21:42+00:00\" \/>\n<meta property=\"article:modified_time\" content=\"2017-08-13T23:17:26+00:00\" \/>\n<meta property=\"og:image\" content=\"https:\/\/grizzlysduhainaut.fr\/wp-content\/uploads\/2017\/07\/19059681_1205447756232530_3152114372841817008_n.jpg\" \/>\n\t<meta property=\"og:image:width\" content=\"930\" \/>\n\t<meta property=\"og:image:height\" content=\"634\" \/>\n\t<meta property=\"og:image:type\" content=\"image\/jpeg\" \/>\n<meta name=\"author\" content=\"a\" \/>\n<meta name=\"twitter:card\" content=\"summary_large_image\" \/>\n<meta name=\"twitter:label1\" content=\"\u00c9crit par\" \/>\n\t<meta name=\"twitter:data1\" content=\"a\" \/>\n\t<meta name=\"twitter:label2\" content=\"Dur\u00e9e de lecture estim\u00e9e\" \/>\n\t<meta name=\"twitter:data2\" content=\"1 minute\" \/>\n<script type=\"application\/ld+json\" class=\"yoast-schema-graph\">{\"@context\":\"https:\/\/schema.org\",\"@graph\":[{\"@type\":\"WebPage\",\"@id\":\"https:\/\/grizzlysduhainaut.fr\/index.php\/2017\/06\/14\/alexandre-koryciak-president-association\/\",\"url\":\"https:\/\/grizzlysduhainaut.fr\/index.php\/2017\/06\/14\/alexandre-koryciak-president-association\/\",\"name\":\"Alexandre Koryciak devient pr\u00e9sident de l'association Grizzlys du Hainaut\",\"isPartOf\":{\"@id\":\"https:\/\/grizzlysduhainaut.fr\/#website\"},\"primaryImageOfPage\":{\"@id\":\"https:\/\/grizzlysduhainaut.fr\/index.php\/2017\/06\/14\/alexandre-koryciak-president-association\/#primaryimage\"},\"image\":{\"@id\":\"https:\/\/grizzlysduhainaut.fr\/index.php\/2017\/06\/14\/alexandre-koryciak-president-association\/#primaryimage\"},\"thumbnailUrl\":\"https:\/\/grizzlysduhainaut.fr\/wp-content\/uploads\/2017\/07\/19059681_1205447756232530_3152114372841817008_n.jpg\",\"datePublished\":\"2017-06-14T14:21:42+00:00\",\"dateModified\":\"2017-08-13T23:17:26+00:00\",\"author\":{\"@id\":\"https:\/\/grizzlysduhainaut.fr\/#\/schema\/person\/834f6cb8ec4273e4a806255f7d42b32a\"},\"description\":\"Alexandre Koryciak devient pr\u00e9sident de l'association de floorball des Grizzlys du Hainaut et remplace Geoffrey Munoz, fondateur.\",\"breadcrumb\":{\"@id\":\"https:\/\/grizzlysduhainaut.fr\/index.php\/2017\/06\/14\/alexandre-koryciak-president-association\/#breadcrumb\"},\"inLanguage\":\"fr-FR\",\"potentialAction\":[{\"@type\":\"ReadAction\",\"target\":[\"https:\/\/grizzlysduhainaut.fr\/index.php\/2017\/06\/14\/alexandre-koryciak-president-association\/\"]}]},{\"@type\":\"ImageObject\",\"inLanguage\":\"fr-FR\",\"@id\":\"https:\/\/grizzlysduhainaut.fr\/index.php\/2017\/06\/14\/alexandre-koryciak-president-association\/#primaryimage\",\"url\":\"https:\/\/grizzlysduhainaut.fr\/wp-content\/uploads\/2017\/07\/19059681_1205447756232530_3152114372841817008_n.jpg\",\"contentUrl\":\"https:\/\/grizzlysduhainaut.fr\/wp-content\/uploads\/2017\/07\/19059681_1205447756232530_3152114372841817008_n.jpg\",\"width\":930,\"height\":634,\"caption\":\"Geoffrey Munoz et Alexandre Koryciak, pr\u00e9sident association\"},{\"@type\":\"BreadcrumbList\",\"@id\":\"https:\/\/grizzlysduhainaut.fr\/index.php\/2017\/06\/14\/alexandre-koryciak-president-association\/#breadcrumb\",\"itemListElement\":[{\"@type\":\"ListItem\",\"position\":1,\"name\":\"Accueil\",\"item\":\"https:\/\/grizzlysduhainaut.fr\/\"},{\"@type\":\"ListItem\",\"position\":2,\"name\":\"Alexandre Koryciak reprend la pr\u00e9sidence des Grizzlys du Hainaut\"}]},{\"@type\":\"WebSite\",\"@id\":\"https:\/\/grizzlysduhainaut.fr\/#website\",\"url\":\"https:\/\/grizzlysduhainaut.fr\/\",\"name\":\"Grizzlys du Hainaut\",\"description\":\"L&#039;\u00e9quipe de Floorball de Qui\u00e9vrechain\",\"potentialAction\":[{\"@type\":\"SearchAction\",\"target\":{\"@type\":\"EntryPoint\",\"urlTemplate\":\"https:\/\/grizzlysduhainaut.fr\/?s={search_term_string}\"},\"query-input\":{\"@type\":\"PropertyValueSpecification\",\"valueRequired\":true,\"valueName\":\"search_term_string\"}}],\"inLanguage\":\"fr-FR\"},{\"@type\":\"Person\",\"@id\":\"https:\/\/grizzlysduhainaut.fr\/#\/schema\/person\/834f6cb8ec4273e4a806255f7d42b32a\",\"name\":\"a\",\"image\":{\"@type\":\"ImageObject\",\"inLanguage\":\"fr-FR\",\"@id\":\"https:\/\/grizzlysduhainaut.fr\/#\/schema\/person\/image\/\",\"url\":\"https:\/\/secure.gravatar.com\/avatar\/?s=96&d=mm&r=g\",\"contentUrl\":\"https:\/\/secure.gravatar.com\/avatar\/?s=96&d=mm&r=g\",\"caption\":\"a\"}}]}<\/script>\n<!-- \/ Yoast SEO plugin. -->","yoast_head_json":{"title":"Alexandre Koryciak devient pr\u00e9sident de l'association Grizzlys du Hainaut","description":"Alexandre Koryciak devient pr\u00e9sident de l'association de floorball des Grizzlys du Hainaut et remplace Geoffrey Munoz, fondateur.","robots":{"index":"index","follow":"follow","max-snippet":"max-snippet:-1","max-image-preview":"max-image-preview:large","max-video-preview":"max-video-preview:-1"},"canonical":"https:\/\/grizzlysduhainaut.fr\/index.php\/2017\/06\/14\/alexandre-koryciak-president-association\/","og_locale":"fr_FR","og_type":"article","og_title":"Alexandre Koryciak devient pr\u00e9sident de l'association Grizzlys du Hainaut","og_description":"Alexandre Koryciak devient pr\u00e9sident de l'association de floorball des Grizzlys du Hainaut et remplace Geoffrey Munoz, fondateur.","og_url":"https:\/\/grizzlysduhainaut.fr\/index.php\/2017\/06\/14\/alexandre-koryciak-president-association\/","og_site_name":"Grizzlys du Hainaut","article_publisher":"https:\/\/www.facebook.com\/Grizzlys.du.hainaut\/","article_published_time":"2017-06-14T14:21:42+00:00","article_modified_time":"2017-08-13T23:17:26+00:00","og_image":[{"width":930,"height":634,"url":"https:\/\/grizzlysduhainaut.fr\/wp-content\/uploads\/2017\/07\/19059681_1205447756232530_3152114372841817008_n.jpg","type":"image\/jpeg"}],"author":"a","twitter_card":"summary_large_image","twitter_misc":{"\u00c9crit par":"a","Dur\u00e9e de lecture estim\u00e9e":"1 minute"},"schema":{"@context":"https:\/\/schema.org","@graph":[{"@type":"WebPage","@id":"https:\/\/grizzlysduhainaut.fr\/index.php\/2017\/06\/14\/alexandre-koryciak-president-association\/","url":"https:\/\/grizzlysduhainaut.fr\/index.php\/2017\/06\/14\/alexandre-koryciak-president-association\/","name":"Alexandre Koryciak devient pr\u00e9sident de l'association Grizzlys du Hainaut","isPartOf":{"@id":"https:\/\/grizzlysduhainaut.fr\/#website"},"primaryImageOfPage":{"@id":"https:\/\/grizzlysduhainaut.fr\/index.php\/2017\/06\/14\/alexandre-koryciak-president-association\/#primaryimage"},"image":{"@id":"https:\/\/grizzlysduhainaut.fr\/index.php\/2017\/06\/14\/alexandre-koryciak-president-association\/#primaryimage"},"thumbnailUrl":"https:\/\/grizzlysduhainaut.fr\/wp-content\/uploads\/2017\/07\/19059681_1205447756232530_3152114372841817008_n.jpg","datePublished":"2017-06-14T14:21:42+00:00","dateModified":"2017-08-13T23:17:26+00:00","author":{"@id":"https:\/\/grizzlysduhainaut.fr\/#\/schema\/person\/834f6cb8ec4273e4a806255f7d42b32a"},"description":"Alexandre Koryciak devient pr\u00e9sident de l'association de floorball des Grizzlys du Hainaut et remplace Geoffrey Munoz, fondateur.","breadcrumb":{"@id":"https:\/\/grizzlysduhainaut.fr\/index.php\/2017\/06\/14\/alexandre-koryciak-president-association\/#breadcrumb"},"inLanguage":"fr-FR","potentialAction":[{"@type":"ReadAction","target":["https:\/\/grizzlysduhainaut.fr\/index.php\/2017\/06\/14\/alexandre-koryciak-president-association\/"]}]},{"@type":"ImageObject","inLanguage":"fr-FR","@id":"https:\/\/grizzlysduhainaut.fr\/index.php\/2017\/06\/14\/alexandre-koryciak-president-association\/#primaryimage","url":"https:\/\/grizzlysduhainaut.fr\/wp-content\/uploads\/2017\/07\/19059681_1205447756232530_3152114372841817008_n.jpg","contentUrl":"https:\/\/grizzlysduhainaut.fr\/wp-content\/uploads\/2017\/07\/19059681_1205447756232530_3152114372841817008_n.jpg","width":930,"height":634,"caption":"Geoffrey Munoz et Alexandre Koryciak, pr\u00e9sident association"},{"@type":"BreadcrumbList","@id":"https:\/\/grizzlysduhainaut.fr\/index.php\/2017\/06\/14\/alexandre-koryciak-president-association\/#breadcrumb","itemListElement":[{"@type":"ListItem","position":1,"name":"Accueil","item":"https:\/\/grizzlysduhainaut.fr\/"},{"@type":"ListItem","position":2,"name":"Alexandre Koryciak reprend la pr\u00e9sidence des Grizzlys du Hainaut"}]},{"@type":"WebSite","@id":"https:\/\/grizzlysduhainaut.fr\/#website","url":"https:\/\/grizzlysduhainaut.fr\/","name":"Grizzlys du Hainaut","description":"L&#039;\u00e9quipe de Floorball de Qui\u00e9vrechain","potentialAction":[{"@type":"SearchAction","target":{"@type":"EntryPoint","urlTemplate":"https:\/\/grizzlysduhainaut.fr\/?s={search_term_string}"},"query-input":{"@type":"PropertyValueSpecification","valueRequired":true,"valueName":"search_term_string"}}],"inLanguage":"fr-FR"},{"@type":"Person","@id":"https:\/\/grizzlysduhainaut.fr\/#\/schema\/person\/834f6cb8ec4273e4a806255f7d42b32a","name":"a","image":{"@type":"ImageObject","inLanguage":"fr-FR","@id":"https:\/\/grizzlysduhainaut.fr\/#\/schema\/person\/image\/","url":"https:\/\/secure.gravatar.com\/avatar\/?s=96&d=mm&r=g","contentUrl":"https:\/\/secure.gravatar.com\/avatar\/?s=96&d=mm&r=g","caption":"a"}}]}},"_links":{"self":[{"href":"https:\/\/grizzlysduhainaut.fr\/index.php\/wp-json\/wp\/v2\/posts\/1137"}],"collection":[{"href":"https:\/\/grizzlysduhainaut.fr\/index.php\/wp-json\/wp\/v2\/posts"}],"about":[{"href":"https:\/\/grizzlysduhainaut.fr\/index.php\/wp-json\/wp\/v2\/types\/post"}],"author":[{"embeddable":true,"href":"https:\/\/grizzlysduhainaut.fr\/index.php\/wp-json\/wp\/v2\/users\/3"}],"replies":[{"embeddable":true,"href":"https:\/\/grizzlysduhainaut.fr\/index.php\/wp-json\/wp\/v2\/comments?post=1137"}],"version-history":[{"count":5,"href":"https:\/\/grizzlysduhainaut.fr\/index.php\/wp-json\/wp\/v2\/posts\/1137\/revisions"}],"predecessor-version":[{"id":1255,"href":"https:\/\/grizzlysduhainaut.fr\/index.php\/wp-json\/wp\/v2\/posts\/1137\/revisions\/1255"}],"wp:featuredmedia":[{"embeddable":true,"href":"https:\/\/grizzlysduhainaut.fr\/index.php\/wp-json\/wp\/v2\/media\/1138"}],"wp:attachment":[{"href":"https:\/\/grizzlysduhainaut.fr\/index.php\/wp-json\/wp\/v2\/media?parent=1137"}],"wp:term":[{"taxonomy":"category","embeddable":true,"href":"https:\/\/grizzlysduhainaut.fr\/index.php\/wp-json\/wp\/v2\/categories?post=1137"},{"taxonomy":"post_tag","embeddable":true,"href":"https:\/\/grizzlysduhainaut.fr\/index.php\/wp-json\/wp\/v2\/tags?post=1137"}],"curies":[{"name":"wp","href":"https:\/\/api.w.org\/{rel}","templated":true}]}}