{"id":2555,"date":"2020-09-18T12:55:26","date_gmt":"2020-09-18T11:55:26","guid":{"rendered":"http:\/\/grizzlysduhainaut.fr\/?p=2555"},"modified":"2020-09-18T12:55:26","modified_gmt":"2020-09-18T11:55:26","slug":"elle-sort-de-sa-taniere-maria-de-prado-moncusi","status":"publish","type":"post","link":"https:\/\/grizzlysduhainaut.fr\/index.php\/2020\/09\/18\/elle-sort-de-sa-taniere-maria-de-prado-moncusi\/","title":{"rendered":"ELLE SORT DE SA TANI\u00c8RE&#8230; MARIA DE PRADO MONCUSI"},"content":{"rendered":"<div id=\"pl-2555\"  class=\"panel-layout\"><div id=\"pg-2555-0\"  class=\"panel-grid panel-no-style\"><div id=\"pgc-2555-0-0\"  class=\"panel-grid-cell\"><div id=\"panel-2555-0-0-0\" class=\"so-panel widget widget_sow-editor panel-first-child\" data-index=\"0\"><div class=\"panel-widget-style panel-widget-style-for-2555-0-0-0\"><div\n\t\t\t\n\t\t\tclass=\"so-widget-sow-editor so-widget-sow-editor-base\">\n<div class=\"siteorigin-widget-tinymce textwidget\">\n\t<p><span style=\"color: #b52626\"><strong>Le temps est long sans floorball... Pour patienter jusqu'\u00e0 la reprise, Axel vous propose des rencontres avec quelques grizzlys qu'il a sorti de leur tani\u00e8re. A la veille de l'Open F\u00e9minin de Qui\u00e9vrechain, <\/strong><\/span><span style=\"color: #b52626\"><span style=\"color: #000000\">MARIA \"Trompetta\" DE PRADO,<\/span><b style=\"color: #b52626\"> seule repr\u00e9sentante f\u00e9minine de l'effectif senior, r\u00e9pond aux questions d'Axel. Au club depuis la saison 2014-2015, notre Espagnole naturalis\u00e9e Ch'ti est un pilier de la d\u00e9fense depuis bon nombre d'ann\u00e9es. Sa vision de jeu et sa protection de balle mettent \u00e0 mal les pressing adverses et permettent bien souvent le surnombre. Sa bonne humeur et son caract\u00e8re participent beaucoup dans la bonne ambiance au sein du groupe. Elle revient aussi sur sa participation au championnat f\u00e9minin il y a quelques ann\u00e9es.<\/b><\/span><\/p><\/div><\/div><\/div><\/div><\/div><\/div><\/div><p> <a href=\"https:\/\/grizzlysduhainaut.fr\/index.php\/2020\/09\/18\/elle-sort-de-sa-taniere-maria-de-prado-moncusi\/#more-2555\" class=\"more-link\">Lire la suite<\/a><\/p>","protected":false},"excerpt":{"rendered":"<p>Le temps est long sans floorball&#8230; Pour patienter jusqu&rsquo;\u00e0 la reprise, Axel vous propose des rencontres avec quelques grizzlys qu&rsquo;il a sorti de leur tani\u00e8re. A la veille de l&rsquo;Open F\u00e9minin de Qui\u00e9vrechain, MARIA \u00ab\u00a0Trompetta\u00a0\u00bb DE PRADO, seule repr\u00e9sentante f\u00e9minine de l&rsquo;effectif senior, r\u00e9pond aux questions d&rsquo;Axel. Au club depuis la saison 2014-2015, notre Espagnole [&hellip;]<\/p>\n","protected":false},"author":3,"featured_media":2561,"comment_status":"open","ping_status":"open","sticky":false,"template":"","format":"standard","meta":{"footnotes":""},"categories":[79],"tags":[80],"class_list":["post-2555","post","type-post","status-publish","format-standard","has-post-thumbnail","hentry","category-interview","tag-interview"],"yoast_head":"<!-- This site is optimized with the Yoast SEO plugin v23.5 - https:\/\/yoast.com\/wordpress\/plugins\/seo\/ -->\n<title>ELLE SORT DE SA TANI\u00c8RE... MARIA DE PRADO MONCUSI - Grizzlys du Hainaut<\/title>\n<meta name=\"robots\" content=\"index, follow, max-snippet:-1, max-image-preview:large, max-video-preview:-1\" \/>\n<link rel=\"canonical\" href=\"https:\/\/grizzlysduhainaut.fr\/index.php\/2020\/09\/18\/elle-sort-de-sa-taniere-maria-de-prado-moncusi\/\" \/>\n<meta property=\"og:locale\" content=\"fr_FR\" \/>\n<meta property=\"og:type\" content=\"article\" \/>\n<meta property=\"og:title\" content=\"Elle sort de sa tani\u00e8re...\" \/>\n<meta property=\"og:description\" content=\"Le temps est long sans floorball... Pour patienter jusqu&#039;\u00e0 la reprise, Axel vous propose des rencontres avec quelques grizzlys qu&#039;il a sorti de leur tani\u00e8re. A quelques jours de l&#039;Open F\u00e9minin de Qui\u00e9vrechain, MARIA &quot;Trompetta&quot; DE PRADO, seule repr\u00e9sentante f\u00e9minine de l&#039;effectif senior, r\u00e9pond aux questions d&#039;Axel. Au club depuis la saison 2014-2015, notre Espagnole naturalis\u00e9e Ch&#039;ti est un pilier de la d\u00e9fense depuis bon nombre d&#039;ann\u00e9es. Sa vision de jeu et sa protection de balle mettent \u00e0 mal les pressing adverses et permettent bien souvent. Sa bonne humeur et son caract\u00e8re participent beaucoup dans la bonne ambiance au sein du groupe. Elle revient aussi sur sa participation au championnat f\u00e9minin il y a quelques ann\u00e9es.\" \/>\n<meta property=\"og:url\" content=\"https:\/\/grizzlysduhainaut.fr\/index.php\/2020\/09\/18\/elle-sort-de-sa-taniere-maria-de-prado-moncusi\/\" \/>\n<meta property=\"og:site_name\" content=\"Grizzlys du Hainaut\" \/>\n<meta property=\"article:publisher\" content=\"https:\/\/www.facebook.com\/Grizzlys.du.hainaut\/\" \/>\n<meta property=\"article:published_time\" content=\"2020-09-18T11:55:26+00:00\" \/>\n<meta property=\"og:image\" content=\"https:\/\/grizzlysduhainaut.fr\/wp-content\/uploads\/2020\/09\/Maria-interview-NB.jpg\" \/>\n\t<meta property=\"og:image:width\" content=\"1000\" \/>\n\t<meta property=\"og:image:height\" content=\"667\" \/>\n\t<meta property=\"og:image:type\" content=\"image\/jpeg\" \/>\n<meta name=\"author\" content=\"a\" \/>\n<meta name=\"twitter:card\" content=\"summary_large_image\" \/>\n<meta name=\"twitter:label1\" content=\"\u00c9crit par\" \/>\n\t<meta name=\"twitter:data1\" content=\"a\" \/>\n\t<meta name=\"twitter:label2\" content=\"Dur\u00e9e de lecture estim\u00e9e\" \/>\n\t<meta name=\"twitter:data2\" content=\"5 minutes\" \/>\n<script type=\"application\/ld+json\" class=\"yoast-schema-graph\">{\"@context\":\"https:\/\/schema.org\",\"@graph\":[{\"@type\":\"WebPage\",\"@id\":\"https:\/\/grizzlysduhainaut.fr\/index.php\/2020\/09\/18\/elle-sort-de-sa-taniere-maria-de-prado-moncusi\/\",\"url\":\"https:\/\/grizzlysduhainaut.fr\/index.php\/2020\/09\/18\/elle-sort-de-sa-taniere-maria-de-prado-moncusi\/\",\"name\":\"ELLE SORT DE SA TANI\u00c8RE... MARIA DE PRADO MONCUSI - Grizzlys du Hainaut\",\"isPartOf\":{\"@id\":\"https:\/\/grizzlysduhainaut.fr\/#website\"},\"primaryImageOfPage\":{\"@id\":\"https:\/\/grizzlysduhainaut.fr\/index.php\/2020\/09\/18\/elle-sort-de-sa-taniere-maria-de-prado-moncusi\/#primaryimage\"},\"image\":{\"@id\":\"https:\/\/grizzlysduhainaut.fr\/index.php\/2020\/09\/18\/elle-sort-de-sa-taniere-maria-de-prado-moncusi\/#primaryimage\"},\"thumbnailUrl\":\"https:\/\/grizzlysduhainaut.fr\/wp-content\/uploads\/2020\/09\/Maria-interview-NB.jpg\",\"datePublished\":\"2020-09-18T11:55:26+00:00\",\"dateModified\":\"2020-09-18T11:55:26+00:00\",\"author\":{\"@id\":\"https:\/\/grizzlysduhainaut.fr\/#\/schema\/person\/834f6cb8ec4273e4a806255f7d42b32a\"},\"breadcrumb\":{\"@id\":\"https:\/\/grizzlysduhainaut.fr\/index.php\/2020\/09\/18\/elle-sort-de-sa-taniere-maria-de-prado-moncusi\/#breadcrumb\"},\"inLanguage\":\"fr-FR\",\"potentialAction\":[{\"@type\":\"ReadAction\",\"target\":[\"https:\/\/grizzlysduhainaut.fr\/index.php\/2020\/09\/18\/elle-sort-de-sa-taniere-maria-de-prado-moncusi\/\"]}]},{\"@type\":\"ImageObject\",\"inLanguage\":\"fr-FR\",\"@id\":\"https:\/\/grizzlysduhainaut.fr\/index.php\/2020\/09\/18\/elle-sort-de-sa-taniere-maria-de-prado-moncusi\/#primaryimage\",\"url\":\"https:\/\/grizzlysduhainaut.fr\/wp-content\/uploads\/2020\/09\/Maria-interview-NB.jpg\",\"contentUrl\":\"https:\/\/grizzlysduhainaut.fr\/wp-content\/uploads\/2020\/09\/Maria-interview-NB.jpg\",\"width\":1000,\"height\":667},{\"@type\":\"BreadcrumbList\",\"@id\":\"https:\/\/grizzlysduhainaut.fr\/index.php\/2020\/09\/18\/elle-sort-de-sa-taniere-maria-de-prado-moncusi\/#breadcrumb\",\"itemListElement\":[{\"@type\":\"ListItem\",\"position\":1,\"name\":\"Accueil\",\"item\":\"https:\/\/grizzlysduhainaut.fr\/\"},{\"@type\":\"ListItem\",\"position\":2,\"name\":\"ELLE SORT DE SA TANI\u00c8RE&#8230; MARIA DE PRADO MONCUSI\"}]},{\"@type\":\"WebSite\",\"@id\":\"https:\/\/grizzlysduhainaut.fr\/#website\",\"url\":\"https:\/\/grizzlysduhainaut.fr\/\",\"name\":\"Grizzlys du Hainaut\",\"description\":\"L&#039;\u00e9quipe de Floorball de Qui\u00e9vrechain\",\"potentialAction\":[{\"@type\":\"SearchAction\",\"target\":{\"@type\":\"EntryPoint\",\"urlTemplate\":\"https:\/\/grizzlysduhainaut.fr\/?s={search_term_string}\"},\"query-input\":{\"@type\":\"PropertyValueSpecification\",\"valueRequired\":true,\"valueName\":\"search_term_string\"}}],\"inLanguage\":\"fr-FR\"},{\"@type\":\"Person\",\"@id\":\"https:\/\/grizzlysduhainaut.fr\/#\/schema\/person\/834f6cb8ec4273e4a806255f7d42b32a\",\"name\":\"a\",\"image\":{\"@type\":\"ImageObject\",\"inLanguage\":\"fr-FR\",\"@id\":\"https:\/\/grizzlysduhainaut.fr\/#\/schema\/person\/image\/\",\"url\":\"https:\/\/secure.gravatar.com\/avatar\/?s=96&d=mm&r=g\",\"contentUrl\":\"https:\/\/secure.gravatar.com\/avatar\/?s=96&d=mm&r=g\",\"caption\":\"a\"}}]}<\/script>\n<!-- \/ Yoast SEO plugin. -->","yoast_head_json":{"title":"ELLE SORT DE SA TANI\u00c8RE... MARIA DE PRADO MONCUSI - Grizzlys du Hainaut","robots":{"index":"index","follow":"follow","max-snippet":"max-snippet:-1","max-image-preview":"max-image-preview:large","max-video-preview":"max-video-preview:-1"},"canonical":"https:\/\/grizzlysduhainaut.fr\/index.php\/2020\/09\/18\/elle-sort-de-sa-taniere-maria-de-prado-moncusi\/","og_locale":"fr_FR","og_type":"article","og_title":"Elle sort de sa tani\u00e8re...","og_description":"Le temps est long sans floorball... Pour patienter jusqu'\u00e0 la reprise, Axel vous propose des rencontres avec quelques grizzlys qu'il a sorti de leur tani\u00e8re. A quelques jours de l'Open F\u00e9minin de Qui\u00e9vrechain, MARIA \"Trompetta\" DE PRADO, seule repr\u00e9sentante f\u00e9minine de l'effectif senior, r\u00e9pond aux questions d'Axel. Au club depuis la saison 2014-2015, notre Espagnole naturalis\u00e9e Ch'ti est un pilier de la d\u00e9fense depuis bon nombre d'ann\u00e9es. Sa vision de jeu et sa protection de balle mettent \u00e0 mal les pressing adverses et permettent bien souvent. Sa bonne humeur et son caract\u00e8re participent beaucoup dans la bonne ambiance au sein du groupe. Elle revient aussi sur sa participation au championnat f\u00e9minin il y a quelques ann\u00e9es.","og_url":"https:\/\/grizzlysduhainaut.fr\/index.php\/2020\/09\/18\/elle-sort-de-sa-taniere-maria-de-prado-moncusi\/","og_site_name":"Grizzlys du Hainaut","article_publisher":"https:\/\/www.facebook.com\/Grizzlys.du.hainaut\/","article_published_time":"2020-09-18T11:55:26+00:00","og_image":[{"width":1000,"height":667,"url":"https:\/\/grizzlysduhainaut.fr\/wp-content\/uploads\/2020\/09\/Maria-interview-NB.jpg","type":"image\/jpeg"}],"author":"a","twitter_card":"summary_large_image","twitter_misc":{"\u00c9crit par":"a","Dur\u00e9e de lecture estim\u00e9e":"5 minutes"},"schema":{"@context":"https:\/\/schema.org","@graph":[{"@type":"WebPage","@id":"https:\/\/grizzlysduhainaut.fr\/index.php\/2020\/09\/18\/elle-sort-de-sa-taniere-maria-de-prado-moncusi\/","url":"https:\/\/grizzlysduhainaut.fr\/index.php\/2020\/09\/18\/elle-sort-de-sa-taniere-maria-de-prado-moncusi\/","name":"ELLE SORT DE SA TANI\u00c8RE... MARIA DE PRADO MONCUSI - Grizzlys du Hainaut","isPartOf":{"@id":"https:\/\/grizzlysduhainaut.fr\/#website"},"primaryImageOfPage":{"@id":"https:\/\/grizzlysduhainaut.fr\/index.php\/2020\/09\/18\/elle-sort-de-sa-taniere-maria-de-prado-moncusi\/#primaryimage"},"image":{"@id":"https:\/\/grizzlysduhainaut.fr\/index.php\/2020\/09\/18\/elle-sort-de-sa-taniere-maria-de-prado-moncusi\/#primaryimage"},"thumbnailUrl":"https:\/\/grizzlysduhainaut.fr\/wp-content\/uploads\/2020\/09\/Maria-interview-NB.jpg","datePublished":"2020-09-18T11:55:26+00:00","dateModified":"2020-09-18T11:55:26+00:00","author":{"@id":"https:\/\/grizzlysduhainaut.fr\/#\/schema\/person\/834f6cb8ec4273e4a806255f7d42b32a"},"breadcrumb":{"@id":"https:\/\/grizzlysduhainaut.fr\/index.php\/2020\/09\/18\/elle-sort-de-sa-taniere-maria-de-prado-moncusi\/#breadcrumb"},"inLanguage":"fr-FR","potentialAction":[{"@type":"ReadAction","target":["https:\/\/grizzlysduhainaut.fr\/index.php\/2020\/09\/18\/elle-sort-de-sa-taniere-maria-de-prado-moncusi\/"]}]},{"@type":"ImageObject","inLanguage":"fr-FR","@id":"https:\/\/grizzlysduhainaut.fr\/index.php\/2020\/09\/18\/elle-sort-de-sa-taniere-maria-de-prado-moncusi\/#primaryimage","url":"https:\/\/grizzlysduhainaut.fr\/wp-content\/uploads\/2020\/09\/Maria-interview-NB.jpg","contentUrl":"https:\/\/grizzlysduhainaut.fr\/wp-content\/uploads\/2020\/09\/Maria-interview-NB.jpg","width":1000,"height":667},{"@type":"BreadcrumbList","@id":"https:\/\/grizzlysduhainaut.fr\/index.php\/2020\/09\/18\/elle-sort-de-sa-taniere-maria-de-prado-moncusi\/#breadcrumb","itemListElement":[{"@type":"ListItem","position":1,"name":"Accueil","item":"https:\/\/grizzlysduhainaut.fr\/"},{"@type":"ListItem","position":2,"name":"ELLE SORT DE SA TANI\u00c8RE&#8230; MARIA DE PRADO MONCUSI"}]},{"@type":"WebSite","@id":"https:\/\/grizzlysduhainaut.fr\/#website","url":"https:\/\/grizzlysduhainaut.fr\/","name":"Grizzlys du Hainaut","description":"L&#039;\u00e9quipe de Floorball de Qui\u00e9vrechain","potentialAction":[{"@type":"SearchAction","target":{"@type":"EntryPoint","urlTemplate":"https:\/\/grizzlysduhainaut.fr\/?s={search_term_string}"},"query-input":{"@type":"PropertyValueSpecification","valueRequired":true,"valueName":"search_term_string"}}],"inLanguage":"fr-FR"},{"@type":"Person","@id":"https:\/\/grizzlysduhainaut.fr\/#\/schema\/person\/834f6cb8ec4273e4a806255f7d42b32a","name":"a","image":{"@type":"ImageObject","inLanguage":"fr-FR","@id":"https:\/\/grizzlysduhainaut.fr\/#\/schema\/person\/image\/","url":"https:\/\/secure.gravatar.com\/avatar\/?s=96&d=mm&r=g","contentUrl":"https:\/\/secure.gravatar.com\/avatar\/?s=96&d=mm&r=g","caption":"a"}}]}},"_links":{"self":[{"href":"https:\/\/grizzlysduhainaut.fr\/index.php\/wp-json\/wp\/v2\/posts\/2555"}],"collection":[{"href":"https:\/\/grizzlysduhainaut.fr\/index.php\/wp-json\/wp\/v2\/posts"}],"about":[{"href":"https:\/\/grizzlysduhainaut.fr\/index.php\/wp-json\/wp\/v2\/types\/post"}],"author":[{"embeddable":true,"href":"https:\/\/grizzlysduhainaut.fr\/index.php\/wp-json\/wp\/v2\/users\/3"}],"replies":[{"embeddable":true,"href":"https:\/\/grizzlysduhainaut.fr\/index.php\/wp-json\/wp\/v2\/comments?post=2555"}],"version-history":[{"count":6,"href":"https:\/\/grizzlysduhainaut.fr\/index.php\/wp-json\/wp\/v2\/posts\/2555\/revisions"}],"predecessor-version":[{"id":2564,"href":"https:\/\/grizzlysduhainaut.fr\/index.php\/wp-json\/wp\/v2\/posts\/2555\/revisions\/2564"}],"wp:featuredmedia":[{"embeddable":true,"href":"https:\/\/grizzlysduhainaut.fr\/index.php\/wp-json\/wp\/v2\/media\/2561"}],"wp:attachment":[{"href":"https:\/\/grizzlysduhainaut.fr\/index.php\/wp-json\/wp\/v2\/media?parent=2555"}],"wp:term":[{"taxonomy":"category","embeddable":true,"href":"https:\/\/grizzlysduhainaut.fr\/index.php\/wp-json\/wp\/v2\/categories?post=2555"},{"taxonomy":"post_tag","embeddable":true,"href":"https:\/\/grizzlysduhainaut.fr\/index.php\/wp-json\/wp\/v2\/tags?post=2555"}],"curies":[{"name":"wp","href":"https:\/\/api.w.org\/{rel}","templated":true}]}}